{"id":4867,"date":"2024-09-05T15:38:40","date_gmt":"2024-09-05T15:38:40","guid":{"rendered":"https:\/\/cercledeconsciencia.com\/?p=4867"},"modified":"2024-09-05T15:39:46","modified_gmt":"2024-09-05T15:39:46","slug":"maternitat-i-autoconeixement-quan-el-teu-plor-es-el-meu-plor","status":"publish","type":"post","link":"https:\/\/cercledeconsciencia.com\/ca\/bienestar-emocional\/maternidad-y-autoconocimiento-cuando-tu-llanto-es-mi-llanto\/","title":{"rendered":"Maternitat i autoconeixement: Quan el teu plor \u00e9s el meu plor"},"content":{"rendered":"<p>Convertir-se en mare pot suposar, i millor que sigui aix\u00ed, una gran revoluci\u00f3 en la vida de les dones. Tant per la part m\u00e9s bella, aquella que tant ens agrada real\u00e7ar en aquests temps com per la part dif\u00edcil que preferim no mostrar.<\/p>\n<p>La q\u00fcesti\u00f3 \u00e9s que no es pot escapar del poder. No es pot maternar des d&#039;un altre lloc que no sigui nosaltres mateixes, amb les nostres virtuts i ferides d&#039;inf\u00e0ncia. Aleshores, la crian\u00e7a pot constituir una porta cap a l&#039;autoconeixement i el creixement personal. Si aix\u00ed ho trio, \u00e9s clar. Ning\u00fa m&#039;havia parlat de la viol\u00e8ncia de la societat colpejant el meu part.<\/p>\n<p>Ning\u00fa m&#039;havia parlat del silenci profund d&#039;aquelles nits de lact\u00e0ncia, ni d&#039;aquells moments cr\u00edtics que posaven a prova la meva capacitat d&#039;estimar i de veure a trav\u00e9s dels ulls de l&#039;altre. Ning\u00fa m&#039;havia parlat de l&#039;instint visceral que se&#039;m despertaria, del meu dolor amb el seu dolor, de la meva incapacitat d&#039;autoregular-me, de la meva nena interior plorant amb la nena que tinc als meus bra\u00e7os. Ning\u00fa m&#039;havia parlat dels moviments i les dificultats que sorgeixen en la parella amb l&#039;arribada d&#039;un nad\u00f3, dels meus canvis en la sexualitat, els canvis profunds de valors. Ning\u00fa m&#039;havia parlat de com veuria jo la meva mare despr\u00e9s de ser-ho.<\/p>\n<p>Les nostres limitacions en el proc\u00e9s de maternitat, all\u00f2 que ens omple de dubtes, dificultats i no ens permet estar aut\u00e8nticament presents, s\u00f3n constitu\u00efdes pel nostre car\u00e0cter, per les nostres pr\u00f2pies marques d&#039;inf\u00e0ncia. I caminem aqu\u00ed, pretenent que els nostres fills gestionin les seves emocions i s&#039;autoregulin sense ni tan sols nosaltres haver-ho aconseguit.<\/p>\n<p>L&#039;autoregulaci\u00f3 \u00e9s entesa com la capacitat espont\u00e0nia, visceral de tot organisme viu a la recerca del seu equilibri. \u00c9s una cosa natural i est\u00e0 orientada cap a la vida. La mare \u00e9s fonamental perqu\u00e8 aquest proc\u00e9s s&#039;assenti, la mare pot servir d&#039;\u201c\u00e0ncora\u201d perqu\u00e8 el nad\u00f3 aprengui a autorregular-se. Si ella mateixa no ha estat respectada en la seva subjectivitat infantil i en els temps biopsicol\u00f2gics durant la seva inf\u00e0ncia, en un entorn on es respirava amor, \u00e9s molt dif\u00edcil que entengui aix\u00f2 amb les entranyes.<\/p>\n<p>Per aix\u00f2 la import\u00e0ncia, en el camp de la prevenci\u00f3, del treball personal del cuidador; ja que estem constantment reproduint les nostres ferides, que formen part de nosaltres intr\u00ednsecament, no podem deixar-les a la tauleta de llum.<\/p>\n<p>Aix\u00ed, passem de l&#039;id\u00edl\u00b7lic conte de fades a una realitat ben diferent: nits sense dormir, plors, olors intenses i for\u00e7a solitud. A la \u201ccova de la lloba\u201d, tot el capital vital i afectiu que va ser constitu\u00eft en la seva primer\u00edssima inf\u00e0ncia, es posa a prova. Seguim avan\u00e7ant pel recorregut preci\u00f3s d\u00b4acompanyar el desenvolupament d\u00b4una vida, la dels nostres fills, i ens anem trobant amb diferents moments.<\/p>\n<p>Com quan comences a escoltar \u201cNo, jo solet!\u201d, \u201cEt no!, et!, no! No!\u201d o davant del conflictiu despertar de la sexualitat que tant ens trastoca en una societat reprimida i prejudiciosa. Fins arribar a la crisi de reajustament que irromp amb l&#039;adolesc\u00e8ncia, aquest per\u00edode on pares i fills ens podem redescobrir i compensar les mancances heretades de les fases anteriors.<\/p>\n<p>Aleshores, lluny de buscar un receptari sobre com ser bona mare, es tracta de mirar cap a dins, revisar les nostres pr\u00f2pies viv\u00e8ncies infantils i anomenar el que no va ser nomenat. Nom\u00e9s atenent aquesta nena que has estat pots entendre aut\u00e8nticament els teus fills i reconnectar-te amb la saviesa innata que tota dona comporta, que et diu a cada instant qu\u00e8 necessites i qu\u00e8 necessita el teu nen, t&#039;indica com actuar i com intervenir. Una saviesa instintiva i natural, af\u00ed amb la vida.<\/p>\n<p>Entenc la maternitat com una nova oportunitat per cr\u00e9ixer, madurar i evolucionar cap a la salut. Un riu experiencial que corre inevitablement fins als confins de les creences, dels sup\u00f2sits, de les raons per donar pas a un amor gran, un amor que arrossega, que supera els l\u00edmits coneguts, un amor cap a tots els nens del m\u00f3n i cap a la humanitat, un amor cap a la vida. Bene\u00efda tasca i dono les gr\u00e0cies eternament!<\/p>\n<p>Loelia Campos. Terapeuta Gestalt.<br \/>\nFormada en Inf\u00e0ncia i Prevenci\u00f3 de la Neurosi amb Evan\u00eda Reichert.<\/p>","protected":false},"excerpt":{"rendered":"<p>Convertirse en madre puede suponer, y mejor que as\u00ed sea, una gran revoluci\u00f3n en la vida de las mujeres. Tanto por la parte m\u00e1s hermosa, aquella que tanto nos gusta [&hellip;]<\/p>\n","protected":false},"author":1,"featured_media":0,"comment_status":"open","ping_status":"open","sticky":false,"template":"","format":"standard","meta":{"footnotes":""},"categories":[150],"tags":[],"class_list":["post-4867","post","type-post","status-publish","format-standard","hentry","category-bienestar-emocional"],"yoast_head":"<!-- This site is optimized with the Yoast SEO plugin v27.4 - https:\/\/yoast.com\/product\/yoast-seo-wordpress\/ -->\n<title>Maternidad y autoconocimiento: Cuando tu llanto es mi llanto - Cercle de Consci\u00e8ncia<\/title>\n<meta name=\"robots\" content=\"index, follow, max-snippet:-1, max-image-preview:large, max-video-preview:-1\" \/>\n<link rel=\"canonical\" href=\"https:\/\/cercledeconsciencia.com\/ca\/benestar-emocional\/maternitat-i-autoconeixement-quan-el-teu-plor-es-el-meu-plor\/\" \/>\n<meta property=\"og:locale\" content=\"ca_ES\" \/>\n<meta property=\"og:type\" content=\"article\" \/>\n<meta property=\"og:title\" content=\"Maternidad y autoconocimiento: Cuando tu llanto es mi llanto - Cercle de Consci\u00e8ncia\" \/>\n<meta property=\"og:description\" content=\"Convertirse en madre puede suponer, y mejor que as\u00ed sea, una gran revoluci\u00f3n en la vida de las mujeres. Tanto por la parte m\u00e1s hermosa, aquella que tanto nos gusta [&hellip;]\" \/>\n<meta property=\"og:url\" content=\"https:\/\/cercledeconsciencia.com\/ca\/benestar-emocional\/maternitat-i-autoconeixement-quan-el-teu-plor-es-el-meu-plor\/\" \/>\n<meta property=\"og:site_name\" content=\"Cercle de Consci\u00e8ncia\" \/>\n<meta property=\"article:publisher\" content=\"https:\/\/www.facebook.com\/Cercledeconscienciabarcelona?_rdr\" \/>\n<meta property=\"article:published_time\" content=\"2024-09-05T15:38:40+00:00\" \/>\n<meta property=\"article:modified_time\" content=\"2024-09-05T15:39:46+00:00\" \/>\n<meta name=\"author\" content=\"webmaster\" \/>\n<meta name=\"twitter:card\" content=\"summary_large_image\" \/>\n<meta name=\"twitter:label1\" content=\"Escrit per\" \/>\n\t<meta name=\"twitter:data1\" content=\"webmaster\" \/>\n\t<meta name=\"twitter:label2\" content=\"Temps estimat de lectura\" \/>\n\t<meta name=\"twitter:data2\" content=\"4 minuts\" \/>\n<script type=\"application\/ld+json\" class=\"yoast-schema-graph\">{\"@context\":\"https:\\\/\\\/schema.org\",\"@graph\":[{\"@type\":\"Article\",\"@id\":\"https:\\\/\\\/cercledeconsciencia.com\\\/bienestar-emocional\\\/maternidad-y-autoconocimiento-cuando-tu-llanto-es-mi-llanto\\\/#article\",\"isPartOf\":{\"@id\":\"https:\\\/\\\/cercledeconsciencia.com\\\/bienestar-emocional\\\/maternidad-y-autoconocimiento-cuando-tu-llanto-es-mi-llanto\\\/\"},\"author\":{\"name\":\"webmaster\",\"@id\":\"https:\\\/\\\/cercledeconsciencia.com\\\/#\\\/schema\\\/person\\\/45800cfee97698d01831fe2f4b962faa\"},\"headline\":\"Maternidad y autoconocimiento: Cuando tu llanto es mi llanto\",\"datePublished\":\"2024-09-05T15:38:40+00:00\",\"dateModified\":\"2024-09-05T15:39:46+00:00\",\"mainEntityOfPage\":{\"@id\":\"https:\\\/\\\/cercledeconsciencia.com\\\/bienestar-emocional\\\/maternidad-y-autoconocimiento-cuando-tu-llanto-es-mi-llanto\\\/\"},\"wordCount\":744,\"commentCount\":0,\"publisher\":{\"@id\":\"https:\\\/\\\/cercledeconsciencia.com\\\/#organization\"},\"articleSection\":[\"Bienestar Emocional\"],\"inLanguage\":\"ca\",\"potentialAction\":[{\"@type\":\"CommentAction\",\"name\":\"Comment\",\"target\":[\"https:\\\/\\\/cercledeconsciencia.com\\\/bienestar-emocional\\\/maternidad-y-autoconocimiento-cuando-tu-llanto-es-mi-llanto\\\/#respond\"]}]},{\"@type\":\"WebPage\",\"@id\":\"https:\\\/\\\/cercledeconsciencia.com\\\/bienestar-emocional\\\/maternidad-y-autoconocimiento-cuando-tu-llanto-es-mi-llanto\\\/\",\"url\":\"https:\\\/\\\/cercledeconsciencia.com\\\/bienestar-emocional\\\/maternidad-y-autoconocimiento-cuando-tu-llanto-es-mi-llanto\\\/\",\"name\":\"Maternidad y autoconocimiento: Cuando tu llanto es mi llanto - Cercle de Consci\u00e8ncia\",\"isPartOf\":{\"@id\":\"https:\\\/\\\/cercledeconsciencia.com\\\/#website\"},\"datePublished\":\"2024-09-05T15:38:40+00:00\",\"dateModified\":\"2024-09-05T15:39:46+00:00\",\"breadcrumb\":{\"@id\":\"https:\\\/\\\/cercledeconsciencia.com\\\/bienestar-emocional\\\/maternidad-y-autoconocimiento-cuando-tu-llanto-es-mi-llanto\\\/#breadcrumb\"},\"inLanguage\":\"ca\",\"potentialAction\":[{\"@type\":\"ReadAction\",\"target\":[\"https:\\\/\\\/cercledeconsciencia.com\\\/bienestar-emocional\\\/maternidad-y-autoconocimiento-cuando-tu-llanto-es-mi-llanto\\\/\"]}]},{\"@type\":\"BreadcrumbList\",\"@id\":\"https:\\\/\\\/cercledeconsciencia.com\\\/bienestar-emocional\\\/maternidad-y-autoconocimiento-cuando-tu-llanto-es-mi-llanto\\\/#breadcrumb\",\"itemListElement\":[{\"@type\":\"ListItem\",\"position\":1,\"name\":\"Portada\",\"item\":\"https:\\\/\\\/cercledeconsciencia.com\\\/\"},{\"@type\":\"ListItem\",\"position\":2,\"name\":\"Maternidad y autoconocimiento: Cuando tu llanto es mi llanto\"}]},{\"@type\":\"WebSite\",\"@id\":\"https:\\\/\\\/cercledeconsciencia.com\\\/#website\",\"url\":\"https:\\\/\\\/cercledeconsciencia.com\\\/\",\"name\":\"Cercle de Consci\u00e8ncia\",\"description\":\"Centro de Formaci\u00f3n y Terapias\",\"publisher\":{\"@id\":\"https:\\\/\\\/cercledeconsciencia.com\\\/#organization\"},\"potentialAction\":[{\"@type\":\"SearchAction\",\"target\":{\"@type\":\"EntryPoint\",\"urlTemplate\":\"https:\\\/\\\/cercledeconsciencia.com\\\/?s={search_term_string}\"},\"query-input\":{\"@type\":\"PropertyValueSpecification\",\"valueRequired\":true,\"valueName\":\"search_term_string\"}}],\"inLanguage\":\"ca\"},{\"@type\":\"Organization\",\"@id\":\"https:\\\/\\\/cercledeconsciencia.com\\\/#organization\",\"name\":\"Cercle de Consci\u00e8ncia\",\"url\":\"https:\\\/\\\/cercledeconsciencia.com\\\/\",\"logo\":{\"@type\":\"ImageObject\",\"inLanguage\":\"ca\",\"@id\":\"https:\\\/\\\/cercledeconsciencia.com\\\/#\\\/schema\\\/logo\\\/image\\\/\",\"url\":\"https:\\\/\\\/cercledeconsciencia.com\\\/wp-content\\\/uploads\\\/2023\\\/07\\\/logo.png\",\"contentUrl\":\"https:\\\/\\\/cercledeconsciencia.com\\\/wp-content\\\/uploads\\\/2023\\\/07\\\/logo.png\",\"width\":239,\"height\":68,\"caption\":\"Cercle de Consci\u00e8ncia\"},\"image\":{\"@id\":\"https:\\\/\\\/cercledeconsciencia.com\\\/#\\\/schema\\\/logo\\\/image\\\/\"},\"sameAs\":[\"https:\\\/\\\/www.facebook.com\\\/Cercledeconscienciabarcelona?_rdr\",\"https:\\\/\\\/www.instagram.com\\\/cercledeconsciencia\\\/\",\"https:\\\/\\\/www.youtube.com\\\/c\\\/cercledeconsciencia\"]},{\"@type\":\"Person\",\"@id\":\"https:\\\/\\\/cercledeconsciencia.com\\\/#\\\/schema\\\/person\\\/45800cfee97698d01831fe2f4b962faa\",\"name\":\"webmaster\",\"image\":{\"@type\":\"ImageObject\",\"inLanguage\":\"ca\",\"@id\":\"https:\\\/\\\/secure.gravatar.com\\\/avatar\\\/0bbfca0093b8454834e6662cc8cfc8525b2f8b9771afb0a27a6d0895e822b4cc?s=96&d=mm&r=g\",\"url\":\"https:\\\/\\\/secure.gravatar.com\\\/avatar\\\/0bbfca0093b8454834e6662cc8cfc8525b2f8b9771afb0a27a6d0895e822b4cc?s=96&d=mm&r=g\",\"contentUrl\":\"https:\\\/\\\/secure.gravatar.com\\\/avatar\\\/0bbfca0093b8454834e6662cc8cfc8525b2f8b9771afb0a27a6d0895e822b4cc?s=96&d=mm&r=g\",\"caption\":\"webmaster\"},\"sameAs\":[\"https:\\\/\\\/cercledeconsciencia.com\"],\"url\":\"https:\\\/\\\/cercledeconsciencia.com\\\/ca\\\/author\\\/webmaster\\\/\"}]}<\/script>\n<!-- \/ Yoast SEO plugin. -->","yoast_head_json":{"title":"Maternitat i autoconeixement: Quan el teu plor \u00e9s el meu plor - Cercle de Consci\u00e8ncia","robots":{"index":"index","follow":"follow","max-snippet":"max-snippet:-1","max-image-preview":"max-image-preview:large","max-video-preview":"max-video-preview:-1"},"canonical":"https:\/\/cercledeconsciencia.com\/ca\/benestar-emocional\/maternitat-i-autoconeixement-quan-el-teu-plor-es-el-meu-plor\/","og_locale":"ca_ES","og_type":"article","og_title":"Maternidad y autoconocimiento: Cuando tu llanto es mi llanto - Cercle de Consci\u00e8ncia","og_description":"Convertirse en madre puede suponer, y mejor que as\u00ed sea, una gran revoluci\u00f3n en la vida de las mujeres. Tanto por la parte m\u00e1s hermosa, aquella que tanto nos gusta [&hellip;]","og_url":"https:\/\/cercledeconsciencia.com\/ca\/benestar-emocional\/maternitat-i-autoconeixement-quan-el-teu-plor-es-el-meu-plor\/","og_site_name":"Cercle de Consci\u00e8ncia","article_publisher":"https:\/\/www.facebook.com\/Cercledeconscienciabarcelona?_rdr","article_published_time":"2024-09-05T15:38:40+00:00","article_modified_time":"2024-09-05T15:39:46+00:00","author":"webmaster","twitter_card":"summary_large_image","twitter_misc":{"Escrit per":"webmaster","Temps estimat de lectura":"4 minuts"},"schema":{"@context":"https:\/\/schema.org","@graph":[{"@type":"Article","@id":"https:\/\/cercledeconsciencia.com\/bienestar-emocional\/maternidad-y-autoconocimiento-cuando-tu-llanto-es-mi-llanto\/#article","isPartOf":{"@id":"https:\/\/cercledeconsciencia.com\/bienestar-emocional\/maternidad-y-autoconocimiento-cuando-tu-llanto-es-mi-llanto\/"},"author":{"name":"webmaster","@id":"https:\/\/cercledeconsciencia.com\/#\/schema\/person\/45800cfee97698d01831fe2f4b962faa"},"headline":"Maternidad y autoconocimiento: Cuando tu llanto es mi llanto","datePublished":"2024-09-05T15:38:40+00:00","dateModified":"2024-09-05T15:39:46+00:00","mainEntityOfPage":{"@id":"https:\/\/cercledeconsciencia.com\/bienestar-emocional\/maternidad-y-autoconocimiento-cuando-tu-llanto-es-mi-llanto\/"},"wordCount":744,"commentCount":0,"publisher":{"@id":"https:\/\/cercledeconsciencia.com\/#organization"},"articleSection":["Bienestar Emocional"],"inLanguage":"ca","potentialAction":[{"@type":"CommentAction","name":"Comment","target":["https:\/\/cercledeconsciencia.com\/bienestar-emocional\/maternidad-y-autoconocimiento-cuando-tu-llanto-es-mi-llanto\/#respond"]}]},{"@type":"WebPage","@id":"https:\/\/cercledeconsciencia.com\/bienestar-emocional\/maternidad-y-autoconocimiento-cuando-tu-llanto-es-mi-llanto\/","url":"https:\/\/cercledeconsciencia.com\/bienestar-emocional\/maternidad-y-autoconocimiento-cuando-tu-llanto-es-mi-llanto\/","name":"Maternitat i autoconeixement: Quan el teu plor \u00e9s el meu plor - Cercle de Consci\u00e8ncia","isPartOf":{"@id":"https:\/\/cercledeconsciencia.com\/#website"},"datePublished":"2024-09-05T15:38:40+00:00","dateModified":"2024-09-05T15:39:46+00:00","breadcrumb":{"@id":"https:\/\/cercledeconsciencia.com\/bienestar-emocional\/maternidad-y-autoconocimiento-cuando-tu-llanto-es-mi-llanto\/#breadcrumb"},"inLanguage":"ca","potentialAction":[{"@type":"ReadAction","target":["https:\/\/cercledeconsciencia.com\/bienestar-emocional\/maternidad-y-autoconocimiento-cuando-tu-llanto-es-mi-llanto\/"]}]},{"@type":"BreadcrumbList","@id":"https:\/\/cercledeconsciencia.com\/bienestar-emocional\/maternidad-y-autoconocimiento-cuando-tu-llanto-es-mi-llanto\/#breadcrumb","itemListElement":[{"@type":"ListItem","position":1,"name":"Portada","item":"https:\/\/cercledeconsciencia.com\/"},{"@type":"ListItem","position":2,"name":"Maternidad y autoconocimiento: Cuando tu llanto es mi llanto"}]},{"@type":"WebSite","@id":"https:\/\/cercledeconsciencia.com\/#website","url":"https:\/\/cercledeconsciencia.com\/","name":"Cercle de Consci\u00e8ncia","description":"Centre de Formaci\u00f3 i Ter\u00e0pies","publisher":{"@id":"https:\/\/cercledeconsciencia.com\/#organization"},"potentialAction":[{"@type":"SearchAction","target":{"@type":"EntryPoint","urlTemplate":"https:\/\/cercledeconsciencia.com\/?s={search_term_string}"},"query-input":{"@type":"PropertyValueSpecification","valueRequired":true,"valueName":"search_term_string"}}],"inLanguage":"ca"},{"@type":"Organization","@id":"https:\/\/cercledeconsciencia.com\/#organization","name":"Cercle de Consci\u00e8ncia","url":"https:\/\/cercledeconsciencia.com\/","logo":{"@type":"ImageObject","inLanguage":"ca","@id":"https:\/\/cercledeconsciencia.com\/#\/schema\/logo\/image\/","url":"https:\/\/cercledeconsciencia.com\/wp-content\/uploads\/2023\/07\/logo.png","contentUrl":"https:\/\/cercledeconsciencia.com\/wp-content\/uploads\/2023\/07\/logo.png","width":239,"height":68,"caption":"Cercle de Consci\u00e8ncia"},"image":{"@id":"https:\/\/cercledeconsciencia.com\/#\/schema\/logo\/image\/"},"sameAs":["https:\/\/www.facebook.com\/Cercledeconscienciabarcelona?_rdr","https:\/\/www.instagram.com\/cercledeconsciencia\/","https:\/\/www.youtube.com\/c\/cercledeconsciencia"]},{"@type":"Person","@id":"https:\/\/cercledeconsciencia.com\/#\/schema\/person\/45800cfee97698d01831fe2f4b962faa","name":"webmaster","image":{"@type":"ImageObject","inLanguage":"ca","@id":"https:\/\/secure.gravatar.com\/avatar\/0bbfca0093b8454834e6662cc8cfc8525b2f8b9771afb0a27a6d0895e822b4cc?s=96&d=mm&r=g","url":"https:\/\/secure.gravatar.com\/avatar\/0bbfca0093b8454834e6662cc8cfc8525b2f8b9771afb0a27a6d0895e822b4cc?s=96&d=mm&r=g","contentUrl":"https:\/\/secure.gravatar.com\/avatar\/0bbfca0093b8454834e6662cc8cfc8525b2f8b9771afb0a27a6d0895e822b4cc?s=96&d=mm&r=g","caption":"webmaster"},"sameAs":["https:\/\/cercledeconsciencia.com"],"url":"https:\/\/cercledeconsciencia.com\/ca\/author\/webmaster\/"}]}},"_links":{"self":[{"href":"https:\/\/cercledeconsciencia.com\/ca\/wp-json\/wp\/v2\/posts\/4867","targetHints":{"allow":["GET"]}}],"collection":[{"href":"https:\/\/cercledeconsciencia.com\/ca\/wp-json\/wp\/v2\/posts"}],"about":[{"href":"https:\/\/cercledeconsciencia.com\/ca\/wp-json\/wp\/v2\/types\/post"}],"author":[{"embeddable":true,"href":"https:\/\/cercledeconsciencia.com\/ca\/wp-json\/wp\/v2\/users\/1"}],"replies":[{"embeddable":true,"href":"https:\/\/cercledeconsciencia.com\/ca\/wp-json\/wp\/v2\/comments?post=4867"}],"version-history":[{"count":2,"href":"https:\/\/cercledeconsciencia.com\/ca\/wp-json\/wp\/v2\/posts\/4867\/revisions"}],"predecessor-version":[{"id":4869,"href":"https:\/\/cercledeconsciencia.com\/ca\/wp-json\/wp\/v2\/posts\/4867\/revisions\/4869"}],"wp:attachment":[{"href":"https:\/\/cercledeconsciencia.com\/ca\/wp-json\/wp\/v2\/media?parent=4867"}],"wp:term":[{"taxonomy":"category","embeddable":true,"href":"https:\/\/cercledeconsciencia.com\/ca\/wp-json\/wp\/v2\/categories?post=4867"},{"taxonomy":"post_tag","embeddable":true,"href":"https:\/\/cercledeconsciencia.com\/ca\/wp-json\/wp\/v2\/tags?post=4867"}],"curies":[{"name":"wp","href":"https:\/\/api.w.org\/{rel}","templated":true}]}}