{"id":4873,"date":"2024-09-05T15:43:38","date_gmt":"2024-09-05T15:43:38","guid":{"rendered":"https:\/\/cercledeconsciencia.com\/?p=4873"},"modified":"2024-09-05T15:48:55","modified_gmt":"2024-09-05T15:48:55","slug":"el-cuerpo-un-lugar-donde-volver","status":"publish","type":"post","link":"https:\/\/cercledeconsciencia.com\/es\/cuerpo\/el-cuerpo-un-lugar-donde-volver\/","title":{"rendered":"El cuerpo, un lugar donde volver"},"content":{"rendered":"<p>Desde el abordaje corporal, fortalecemos nuestra capacidad de autosost\u00e9n en la vida. A trav\u00e9s de la Terapia Corporal Integrativa (TCI), buscamos recuperar los recursos internos que nos permiten sentir el cuerpo como un lugar de apoyo y seguridad. Cuando perdemos esta capacidad, a menudo dependemos de apoyos externos. En la conferencia, exploramos las herramientas que ofrece la TCI para restaurar esta sensaci\u00f3n de autosuficiencia y bienestar interior.<\/p>\n<p>\u00abEl cuerpo, un lugar donde volver\u00bb ha sido el tema central de la conferencia, que abord\u00f3 c\u00f3mo, desde la Terapia Corporal Integrativa, se puede fortalecer la capacidad de autosost\u00e9n. Se discuti\u00f3 la importancia de reconectar con el cuerpo como un lugar seguro y de apoyo, especialmente cuando enfrentamos desaf\u00edos emocionales y f\u00edsicos. La TCI proporciona herramientas para que las personas recuperen la sensaci\u00f3n de apoyo interno, reduciendo la dependencia de factores externos para mantener el equilibrio emocional.<\/p>\n<p>Moderada por Mariela Crespo, coordinadora de la Formaci\u00f3n en Terapia Corporal Integrativa (TCI), la sesi\u00f3n cont\u00f3 con la participaci\u00f3n de destacados expertos:<\/p>\n<ul>\n<li>Mar\u00eda Saura &#8211; Directora pedag\u00f3gica, terapeuta corporal y docente TCI.<\/li>\n<li>Cristina Ribera &#8211; Psic\u00f3loga, terapeuta corporal y docente TCI.<\/li>\n<li>Helena Sagrist\u00e0 &#8211; Terapeuta corporal y docente TCI.<\/li>\n<li>Ra\u00fal Andreu &#8211; Terapeuta corporal y docente TCI.<\/li>\n<li>Jaume Calafat &#8211; Terapeuta corporal y docente TCI.<\/li>\n<\/ul>\n<p>Si no pudiste asistir o deseas revisar los conceptos discutidos, aqu\u00ed te facilitamos la conferencia grabada:<\/p>\n<p><iframe loading=\"lazy\" title=\"El cuerpo, un lugar donde volver\" width=\"1100\" height=\"619\" src=\"https:\/\/www.youtube.com\/embed\/Do0YMv3Mwmw?feature=oembed\" frameborder=\"0\" allow=\"accelerometer; autoplay; clipboard-write; encrypted-media; gyroscope; picture-in-picture; web-share\" referrerpolicy=\"strict-origin-when-cross-origin\" allowfullscreen><\/iframe><\/p>\n<p>En Cercle de Consci\u00e8ncia, estamos comprometidos con la difusi\u00f3n de conocimientos que fomenten el crecimiento personal y ofrezcan una visi\u00f3n m\u00e1s profunda y significativa de la vida. En nuestras conferencias, buscamos brindar herramientas pr\u00e1cticas y perspectivas que apoyen el desarrollo integral de las personas.<\/p>\n<p>Si te ha parecido interesante la conferencia y deseas profundizar m\u00e1s en la tem\u00e1tica corporal, te invitamos a conocer el<a href=\"https:\/\/cercledeconsciencia.com\/formacion-en-terapia-corporal-integrativa\/\"> programa completo de la formaci\u00f3n TCI.<\/a><\/p>\n","protected":false},"excerpt":{"rendered":"<p>Desde el abordaje corporal, fortalecemos nuestra capacidad de autosost\u00e9n en la vida. A trav\u00e9s de la Terapia Corporal Integrativa (TCI), buscamos recuperar los recursos internos que nos permiten sentir el [&hellip;]<\/p>\n","protected":false},"author":1,"featured_media":4878,"comment_status":"open","ping_status":"open","sticky":false,"template":"","format":"standard","meta":{"footnotes":""},"categories":[149],"tags":[],"class_list":["post-4873","post","type-post","status-publish","format-standard","has-post-thumbnail","hentry","category-cuerpo"],"yoast_head":"<!-- This site is optimized with the Yoast SEO plugin v27.4 - https:\/\/yoast.com\/product\/yoast-seo-wordpress\/ -->\n<title>El cuerpo, un lugar donde volver - Cercle de Consci\u00e8ncia<\/title>\n<meta name=\"description\" content=\"Descubre c\u00f3mo la Terapia Corporal Integrativa fortalece la autosuficiencia y el bienestar emocional. Conferencia en Cercle de Consci\u00e8ncia con expertos en TCI.\" \/>\n<meta name=\"robots\" content=\"index, follow, max-snippet:-1, max-image-preview:large, max-video-preview:-1\" \/>\n<link rel=\"canonical\" href=\"https:\/\/cercledeconsciencia.com\/es\/cuerpo\/el-cuerpo-un-lugar-donde-volver\/\" \/>\n<meta property=\"og:locale\" content=\"es_ES\" \/>\n<meta property=\"og:type\" content=\"article\" \/>\n<meta property=\"og:title\" content=\"El cuerpo, un lugar donde volver - Cercle de Consci\u00e8ncia\" \/>\n<meta property=\"og:description\" content=\"Descubre c\u00f3mo la Terapia Corporal Integrativa fortalece la autosuficiencia y el bienestar emocional. Conferencia en Cercle de Consci\u00e8ncia con expertos en TCI.\" \/>\n<meta property=\"og:url\" content=\"https:\/\/cercledeconsciencia.com\/es\/cuerpo\/el-cuerpo-un-lugar-donde-volver\/\" \/>\n<meta property=\"og:site_name\" content=\"Cercle de Consci\u00e8ncia\" \/>\n<meta property=\"article:publisher\" content=\"https:\/\/www.facebook.com\/Cercledeconscienciabarcelona?_rdr\" \/>\n<meta property=\"article:published_time\" content=\"2024-09-05T15:43:38+00:00\" \/>\n<meta property=\"article:modified_time\" content=\"2024-09-05T15:48:55+00:00\" \/>\n<meta property=\"og:image\" content=\"https:\/\/cercledeconsciencia.com\/wp-content\/uploads\/2024\/09\/Captura-de-pantalla-2024-09-05-a-las-10.48.08\u202fa.-m.png\" \/>\n\t<meta property=\"og:image:width\" content=\"764\" \/>\n\t<meta property=\"og:image:height\" content=\"628\" \/>\n\t<meta property=\"og:image:type\" content=\"image\/png\" \/>\n<meta name=\"author\" content=\"webmaster\" \/>\n<meta name=\"twitter:card\" content=\"summary_large_image\" \/>\n<meta name=\"twitter:label1\" content=\"Escrito por\" \/>\n\t<meta name=\"twitter:data1\" content=\"webmaster\" \/>\n\t<meta name=\"twitter:label2\" content=\"Tiempo de lectura\" \/>\n\t<meta name=\"twitter:data2\" content=\"2 minutos\" \/>\n<script type=\"application\/ld+json\" class=\"yoast-schema-graph\">{\"@context\":\"https:\\\/\\\/schema.org\",\"@graph\":[{\"@type\":\"Article\",\"@id\":\"https:\\\/\\\/cercledeconsciencia.com\\\/cuerpo\\\/el-cuerpo-un-lugar-donde-volver\\\/#article\",\"isPartOf\":{\"@id\":\"https:\\\/\\\/cercledeconsciencia.com\\\/cuerpo\\\/el-cuerpo-un-lugar-donde-volver\\\/\"},\"author\":{\"name\":\"webmaster\",\"@id\":\"https:\\\/\\\/cercledeconsciencia.com\\\/#\\\/schema\\\/person\\\/45800cfee97698d01831fe2f4b962faa\"},\"headline\":\"El cuerpo, un lugar donde volver\",\"datePublished\":\"2024-09-05T15:43:38+00:00\",\"dateModified\":\"2024-09-05T15:48:55+00:00\",\"mainEntityOfPage\":{\"@id\":\"https:\\\/\\\/cercledeconsciencia.com\\\/cuerpo\\\/el-cuerpo-un-lugar-donde-volver\\\/\"},\"wordCount\":333,\"commentCount\":0,\"publisher\":{\"@id\":\"https:\\\/\\\/cercledeconsciencia.com\\\/#organization\"},\"image\":{\"@id\":\"https:\\\/\\\/cercledeconsciencia.com\\\/cuerpo\\\/el-cuerpo-un-lugar-donde-volver\\\/#primaryimage\"},\"thumbnailUrl\":\"https:\\\/\\\/cercledeconsciencia.com\\\/wp-content\\\/uploads\\\/2024\\\/09\\\/Captura-de-pantalla-2024-09-05-a-las-10.48.08\u202fa.-m.png\",\"articleSection\":[\"Cuerpo y movimiento\"],\"inLanguage\":\"es\",\"potentialAction\":[{\"@type\":\"CommentAction\",\"name\":\"Comment\",\"target\":[\"https:\\\/\\\/cercledeconsciencia.com\\\/cuerpo\\\/el-cuerpo-un-lugar-donde-volver\\\/#respond\"]}]},{\"@type\":\"WebPage\",\"@id\":\"https:\\\/\\\/cercledeconsciencia.com\\\/cuerpo\\\/el-cuerpo-un-lugar-donde-volver\\\/\",\"url\":\"https:\\\/\\\/cercledeconsciencia.com\\\/cuerpo\\\/el-cuerpo-un-lugar-donde-volver\\\/\",\"name\":\"El cuerpo, un lugar donde volver - Cercle de Consci\u00e8ncia\",\"isPartOf\":{\"@id\":\"https:\\\/\\\/cercledeconsciencia.com\\\/#website\"},\"primaryImageOfPage\":{\"@id\":\"https:\\\/\\\/cercledeconsciencia.com\\\/cuerpo\\\/el-cuerpo-un-lugar-donde-volver\\\/#primaryimage\"},\"image\":{\"@id\":\"https:\\\/\\\/cercledeconsciencia.com\\\/cuerpo\\\/el-cuerpo-un-lugar-donde-volver\\\/#primaryimage\"},\"thumbnailUrl\":\"https:\\\/\\\/cercledeconsciencia.com\\\/wp-content\\\/uploads\\\/2024\\\/09\\\/Captura-de-pantalla-2024-09-05-a-las-10.48.08\u202fa.-m.png\",\"datePublished\":\"2024-09-05T15:43:38+00:00\",\"dateModified\":\"2024-09-05T15:48:55+00:00\",\"description\":\"Descubre c\u00f3mo la Terapia Corporal Integrativa fortalece la autosuficiencia y el bienestar emocional. Conferencia en Cercle de Consci\u00e8ncia con expertos en TCI.\",\"breadcrumb\":{\"@id\":\"https:\\\/\\\/cercledeconsciencia.com\\\/cuerpo\\\/el-cuerpo-un-lugar-donde-volver\\\/#breadcrumb\"},\"inLanguage\":\"es\",\"potentialAction\":[{\"@type\":\"ReadAction\",\"target\":[\"https:\\\/\\\/cercledeconsciencia.com\\\/cuerpo\\\/el-cuerpo-un-lugar-donde-volver\\\/\"]}]},{\"@type\":\"ImageObject\",\"inLanguage\":\"es\",\"@id\":\"https:\\\/\\\/cercledeconsciencia.com\\\/cuerpo\\\/el-cuerpo-un-lugar-donde-volver\\\/#primaryimage\",\"url\":\"https:\\\/\\\/cercledeconsciencia.com\\\/wp-content\\\/uploads\\\/2024\\\/09\\\/Captura-de-pantalla-2024-09-05-a-las-10.48.08\u202fa.-m.png\",\"contentUrl\":\"https:\\\/\\\/cercledeconsciencia.com\\\/wp-content\\\/uploads\\\/2024\\\/09\\\/Captura-de-pantalla-2024-09-05-a-las-10.48.08\u202fa.-m.png\",\"width\":764,\"height\":628},{\"@type\":\"BreadcrumbList\",\"@id\":\"https:\\\/\\\/cercledeconsciencia.com\\\/cuerpo\\\/el-cuerpo-un-lugar-donde-volver\\\/#breadcrumb\",\"itemListElement\":[{\"@type\":\"ListItem\",\"position\":1,\"name\":\"Portada\",\"item\":\"https:\\\/\\\/cercledeconsciencia.com\\\/\"},{\"@type\":\"ListItem\",\"position\":2,\"name\":\"El cuerpo, un lugar donde volver\"}]},{\"@type\":\"WebSite\",\"@id\":\"https:\\\/\\\/cercledeconsciencia.com\\\/#website\",\"url\":\"https:\\\/\\\/cercledeconsciencia.com\\\/\",\"name\":\"Cercle de Consci\u00e8ncia\",\"description\":\"Centro de Formaci\u00f3n y Terapias\",\"publisher\":{\"@id\":\"https:\\\/\\\/cercledeconsciencia.com\\\/#organization\"},\"potentialAction\":[{\"@type\":\"SearchAction\",\"target\":{\"@type\":\"EntryPoint\",\"urlTemplate\":\"https:\\\/\\\/cercledeconsciencia.com\\\/?s={search_term_string}\"},\"query-input\":{\"@type\":\"PropertyValueSpecification\",\"valueRequired\":true,\"valueName\":\"search_term_string\"}}],\"inLanguage\":\"es\"},{\"@type\":\"Organization\",\"@id\":\"https:\\\/\\\/cercledeconsciencia.com\\\/#organization\",\"name\":\"Cercle de Consci\u00e8ncia\",\"url\":\"https:\\\/\\\/cercledeconsciencia.com\\\/\",\"logo\":{\"@type\":\"ImageObject\",\"inLanguage\":\"es\",\"@id\":\"https:\\\/\\\/cercledeconsciencia.com\\\/#\\\/schema\\\/logo\\\/image\\\/\",\"url\":\"https:\\\/\\\/cercledeconsciencia.com\\\/wp-content\\\/uploads\\\/2023\\\/07\\\/logo.png\",\"contentUrl\":\"https:\\\/\\\/cercledeconsciencia.com\\\/wp-content\\\/uploads\\\/2023\\\/07\\\/logo.png\",\"width\":239,\"height\":68,\"caption\":\"Cercle de Consci\u00e8ncia\"},\"image\":{\"@id\":\"https:\\\/\\\/cercledeconsciencia.com\\\/#\\\/schema\\\/logo\\\/image\\\/\"},\"sameAs\":[\"https:\\\/\\\/www.facebook.com\\\/Cercledeconscienciabarcelona?_rdr\",\"https:\\\/\\\/www.instagram.com\\\/cercledeconsciencia\\\/\",\"https:\\\/\\\/www.youtube.com\\\/c\\\/cercledeconsciencia\"]},{\"@type\":\"Person\",\"@id\":\"https:\\\/\\\/cercledeconsciencia.com\\\/#\\\/schema\\\/person\\\/45800cfee97698d01831fe2f4b962faa\",\"name\":\"webmaster\",\"image\":{\"@type\":\"ImageObject\",\"inLanguage\":\"es\",\"@id\":\"https:\\\/\\\/secure.gravatar.com\\\/avatar\\\/0bbfca0093b8454834e6662cc8cfc8525b2f8b9771afb0a27a6d0895e822b4cc?s=96&d=mm&r=g\",\"url\":\"https:\\\/\\\/secure.gravatar.com\\\/avatar\\\/0bbfca0093b8454834e6662cc8cfc8525b2f8b9771afb0a27a6d0895e822b4cc?s=96&d=mm&r=g\",\"contentUrl\":\"https:\\\/\\\/secure.gravatar.com\\\/avatar\\\/0bbfca0093b8454834e6662cc8cfc8525b2f8b9771afb0a27a6d0895e822b4cc?s=96&d=mm&r=g\",\"caption\":\"webmaster\"},\"sameAs\":[\"https:\\\/\\\/cercledeconsciencia.com\"],\"url\":\"https:\\\/\\\/cercledeconsciencia.com\\\/es\\\/author\\\/webmaster\\\/\"}]}<\/script>\n<!-- \/ Yoast SEO plugin. -->","yoast_head_json":{"title":"El cuerpo, un lugar donde volver - Cercle de Consci\u00e8ncia","description":"Descubre c\u00f3mo la Terapia Corporal Integrativa fortalece la autosuficiencia y el bienestar emocional. Conferencia en Cercle de Consci\u00e8ncia con expertos en TCI.","robots":{"index":"index","follow":"follow","max-snippet":"max-snippet:-1","max-image-preview":"max-image-preview:large","max-video-preview":"max-video-preview:-1"},"canonical":"https:\/\/cercledeconsciencia.com\/es\/cuerpo\/el-cuerpo-un-lugar-donde-volver\/","og_locale":"es_ES","og_type":"article","og_title":"El cuerpo, un lugar donde volver - Cercle de Consci\u00e8ncia","og_description":"Descubre c\u00f3mo la Terapia Corporal Integrativa fortalece la autosuficiencia y el bienestar emocional. Conferencia en Cercle de Consci\u00e8ncia con expertos en TCI.","og_url":"https:\/\/cercledeconsciencia.com\/es\/cuerpo\/el-cuerpo-un-lugar-donde-volver\/","og_site_name":"Cercle de Consci\u00e8ncia","article_publisher":"https:\/\/www.facebook.com\/Cercledeconscienciabarcelona?_rdr","article_published_time":"2024-09-05T15:43:38+00:00","article_modified_time":"2024-09-05T15:48:55+00:00","og_image":[{"width":764,"height":628,"url":"https:\/\/cercledeconsciencia.com\/wp-content\/uploads\/2024\/09\/Captura-de-pantalla-2024-09-05-a-las-10.48.08\u202fa.-m.png","type":"image\/png"}],"author":"webmaster","twitter_card":"summary_large_image","twitter_misc":{"Escrito por":"webmaster","Tiempo de lectura":"2 minutos"},"schema":{"@context":"https:\/\/schema.org","@graph":[{"@type":"Article","@id":"https:\/\/cercledeconsciencia.com\/cuerpo\/el-cuerpo-un-lugar-donde-volver\/#article","isPartOf":{"@id":"https:\/\/cercledeconsciencia.com\/cuerpo\/el-cuerpo-un-lugar-donde-volver\/"},"author":{"name":"webmaster","@id":"https:\/\/cercledeconsciencia.com\/#\/schema\/person\/45800cfee97698d01831fe2f4b962faa"},"headline":"El cuerpo, un lugar donde volver","datePublished":"2024-09-05T15:43:38+00:00","dateModified":"2024-09-05T15:48:55+00:00","mainEntityOfPage":{"@id":"https:\/\/cercledeconsciencia.com\/cuerpo\/el-cuerpo-un-lugar-donde-volver\/"},"wordCount":333,"commentCount":0,"publisher":{"@id":"https:\/\/cercledeconsciencia.com\/#organization"},"image":{"@id":"https:\/\/cercledeconsciencia.com\/cuerpo\/el-cuerpo-un-lugar-donde-volver\/#primaryimage"},"thumbnailUrl":"https:\/\/cercledeconsciencia.com\/wp-content\/uploads\/2024\/09\/Captura-de-pantalla-2024-09-05-a-las-10.48.08\u202fa.-m.png","articleSection":["Cuerpo y movimiento"],"inLanguage":"es","potentialAction":[{"@type":"CommentAction","name":"Comment","target":["https:\/\/cercledeconsciencia.com\/cuerpo\/el-cuerpo-un-lugar-donde-volver\/#respond"]}]},{"@type":"WebPage","@id":"https:\/\/cercledeconsciencia.com\/cuerpo\/el-cuerpo-un-lugar-donde-volver\/","url":"https:\/\/cercledeconsciencia.com\/cuerpo\/el-cuerpo-un-lugar-donde-volver\/","name":"El cuerpo, un lugar donde volver - Cercle de Consci\u00e8ncia","isPartOf":{"@id":"https:\/\/cercledeconsciencia.com\/#website"},"primaryImageOfPage":{"@id":"https:\/\/cercledeconsciencia.com\/cuerpo\/el-cuerpo-un-lugar-donde-volver\/#primaryimage"},"image":{"@id":"https:\/\/cercledeconsciencia.com\/cuerpo\/el-cuerpo-un-lugar-donde-volver\/#primaryimage"},"thumbnailUrl":"https:\/\/cercledeconsciencia.com\/wp-content\/uploads\/2024\/09\/Captura-de-pantalla-2024-09-05-a-las-10.48.08\u202fa.-m.png","datePublished":"2024-09-05T15:43:38+00:00","dateModified":"2024-09-05T15:48:55+00:00","description":"Descubre c\u00f3mo la Terapia Corporal Integrativa fortalece la autosuficiencia y el bienestar emocional. Conferencia en Cercle de Consci\u00e8ncia con expertos en TCI.","breadcrumb":{"@id":"https:\/\/cercledeconsciencia.com\/cuerpo\/el-cuerpo-un-lugar-donde-volver\/#breadcrumb"},"inLanguage":"es","potentialAction":[{"@type":"ReadAction","target":["https:\/\/cercledeconsciencia.com\/cuerpo\/el-cuerpo-un-lugar-donde-volver\/"]}]},{"@type":"ImageObject","inLanguage":"es","@id":"https:\/\/cercledeconsciencia.com\/cuerpo\/el-cuerpo-un-lugar-donde-volver\/#primaryimage","url":"https:\/\/cercledeconsciencia.com\/wp-content\/uploads\/2024\/09\/Captura-de-pantalla-2024-09-05-a-las-10.48.08\u202fa.-m.png","contentUrl":"https:\/\/cercledeconsciencia.com\/wp-content\/uploads\/2024\/09\/Captura-de-pantalla-2024-09-05-a-las-10.48.08\u202fa.-m.png","width":764,"height":628},{"@type":"BreadcrumbList","@id":"https:\/\/cercledeconsciencia.com\/cuerpo\/el-cuerpo-un-lugar-donde-volver\/#breadcrumb","itemListElement":[{"@type":"ListItem","position":1,"name":"Portada","item":"https:\/\/cercledeconsciencia.com\/"},{"@type":"ListItem","position":2,"name":"El cuerpo, un lugar donde volver"}]},{"@type":"WebSite","@id":"https:\/\/cercledeconsciencia.com\/#website","url":"https:\/\/cercledeconsciencia.com\/","name":"Cercle de Consci\u00e8ncia","description":"Centro de Formaci\u00f3n y Terapias","publisher":{"@id":"https:\/\/cercledeconsciencia.com\/#organization"},"potentialAction":[{"@type":"SearchAction","target":{"@type":"EntryPoint","urlTemplate":"https:\/\/cercledeconsciencia.com\/?s={search_term_string}"},"query-input":{"@type":"PropertyValueSpecification","valueRequired":true,"valueName":"search_term_string"}}],"inLanguage":"es"},{"@type":"Organization","@id":"https:\/\/cercledeconsciencia.com\/#organization","name":"Cercle de Consci\u00e8ncia","url":"https:\/\/cercledeconsciencia.com\/","logo":{"@type":"ImageObject","inLanguage":"es","@id":"https:\/\/cercledeconsciencia.com\/#\/schema\/logo\/image\/","url":"https:\/\/cercledeconsciencia.com\/wp-content\/uploads\/2023\/07\/logo.png","contentUrl":"https:\/\/cercledeconsciencia.com\/wp-content\/uploads\/2023\/07\/logo.png","width":239,"height":68,"caption":"Cercle de Consci\u00e8ncia"},"image":{"@id":"https:\/\/cercledeconsciencia.com\/#\/schema\/logo\/image\/"},"sameAs":["https:\/\/www.facebook.com\/Cercledeconscienciabarcelona?_rdr","https:\/\/www.instagram.com\/cercledeconsciencia\/","https:\/\/www.youtube.com\/c\/cercledeconsciencia"]},{"@type":"Person","@id":"https:\/\/cercledeconsciencia.com\/#\/schema\/person\/45800cfee97698d01831fe2f4b962faa","name":"webmaster","image":{"@type":"ImageObject","inLanguage":"es","@id":"https:\/\/secure.gravatar.com\/avatar\/0bbfca0093b8454834e6662cc8cfc8525b2f8b9771afb0a27a6d0895e822b4cc?s=96&d=mm&r=g","url":"https:\/\/secure.gravatar.com\/avatar\/0bbfca0093b8454834e6662cc8cfc8525b2f8b9771afb0a27a6d0895e822b4cc?s=96&d=mm&r=g","contentUrl":"https:\/\/secure.gravatar.com\/avatar\/0bbfca0093b8454834e6662cc8cfc8525b2f8b9771afb0a27a6d0895e822b4cc?s=96&d=mm&r=g","caption":"webmaster"},"sameAs":["https:\/\/cercledeconsciencia.com"],"url":"https:\/\/cercledeconsciencia.com\/es\/author\/webmaster\/"}]}},"_links":{"self":[{"href":"https:\/\/cercledeconsciencia.com\/es\/wp-json\/wp\/v2\/posts\/4873","targetHints":{"allow":["GET"]}}],"collection":[{"href":"https:\/\/cercledeconsciencia.com\/es\/wp-json\/wp\/v2\/posts"}],"about":[{"href":"https:\/\/cercledeconsciencia.com\/es\/wp-json\/wp\/v2\/types\/post"}],"author":[{"embeddable":true,"href":"https:\/\/cercledeconsciencia.com\/es\/wp-json\/wp\/v2\/users\/1"}],"replies":[{"embeddable":true,"href":"https:\/\/cercledeconsciencia.com\/es\/wp-json\/wp\/v2\/comments?post=4873"}],"version-history":[{"count":2,"href":"https:\/\/cercledeconsciencia.com\/es\/wp-json\/wp\/v2\/posts\/4873\/revisions"}],"predecessor-version":[{"id":4876,"href":"https:\/\/cercledeconsciencia.com\/es\/wp-json\/wp\/v2\/posts\/4873\/revisions\/4876"}],"wp:featuredmedia":[{"embeddable":true,"href":"https:\/\/cercledeconsciencia.com\/es\/wp-json\/wp\/v2\/media\/4878"}],"wp:attachment":[{"href":"https:\/\/cercledeconsciencia.com\/es\/wp-json\/wp\/v2\/media?parent=4873"}],"wp:term":[{"taxonomy":"category","embeddable":true,"href":"https:\/\/cercledeconsciencia.com\/es\/wp-json\/wp\/v2\/categories?post=4873"},{"taxonomy":"post_tag","embeddable":true,"href":"https:\/\/cercledeconsciencia.com\/es\/wp-json\/wp\/v2\/tags?post=4873"}],"curies":[{"name":"wp","href":"https:\/\/api.w.org\/{rel}","templated":true}]}}